{"id":781,"date":"2023-04-25T06:37:21","date_gmt":"2023-04-25T06:37:21","guid":{"rendered":"https:\/\/www.markkurantahalvari.fi\/?p=781"},"modified":"2023-04-25T07:35:05","modified_gmt":"2023-04-25T07:35:05","slug":"miksi-ja-milla-perustein-haluan-apulaispormestariehdokkaaksi","status":"publish","type":"post","link":"https:\/\/www.markkurantahalvari.fi\/?p=781","title":{"rendered":"Miksi ja mill\u00e4 perustein haluan apulaispormestariehdokkaaksi?"},"content":{"rendered":"\n<p>Helsinginniemen Sosialidemokraatit ry j\u00e4rjest\u00e4\u00e4 ylim\u00e4\u00e4r\u00e4isen j\u00e4senkokouksen tulevana perjantaina. Puolueosaston johtokunta tulee esitt\u00e4m\u00e4\u00e4n kokouksessa minua puolueosaston ehdokkaaksi kasvatuksen ja koulutuksen apulaispormestariksi. Perjantaina tied\u00e4mme sitten lopullisesti mit\u00e4 j\u00e4senkokous p\u00e4\u00e4tti, mutta sit\u00e4 ennen miksi haluan t\u00e4h\u00e4n teht\u00e4v\u00e4\u00e4n?<\/p>\n\n\n\n<p>Olin luonnollisesti heti kiinnostunut teht\u00e4v\u00e4st\u00e4, kun kuulin sen vapautumisesta. Kukapa ei olisi? Tulevaisuutemme kannalta merkitt\u00e4vimm\u00e4n toimialan merkitt\u00e4vin poliittinen rooli. Jos haluat todella vaikuttaa, niin t\u00e4ss\u00e4 on nyt se paikka. Silti k\u00e4vin pitk\u00e4n v\u00e4\u00e4nn\u00f6n mieless\u00e4ni, uskallanko hakea t\u00e4h\u00e4n poliittisen kokemukseni v\u00e4h\u00e4isyyden vuoksi. Miksi min\u00e4 voisin olla hyv\u00e4 t\u00e4h\u00e4n teht\u00e4v\u00e4\u00e4n?<\/p>\n\n\n\n<p>Merkitt\u00e4vin puoltava seikka on kokemukseni alalta. Sen t\u00e4rkeytt\u00e4 ei voi unohtaa, vaikka kyse on poliittisesta teht\u00e4v\u00e4st\u00e4.<\/p>\n\n\n\n<p>Olen koulutukseltani filosofian maisteri. P\u00e4\u00e4aineeni oli Suomen historia ja auskultoin historian aineenopettajaksi 2011. Kasvatustiede oli sivuaineeni. Opettajan t\u00f6it\u00e4 tein eripituisina sijaisuuksina erityisopettajana, luokanopettajana ja koulunk\u00e4ynninohjaajana vuosina 2008\u20132012. Olen my\u00f6s kouluttanut opettajia Opettajat ilman rajoja -j\u00e4rjest\u00f6n kautta Ugandassa. Sielt\u00e4 palattuani jatkoin ugandalaisten opettajien kouluttamista Mobile mentoring -hankkeessa vuoden verran. &nbsp;<\/p>\n\n\n\n<p>Oppimisvaikeuksien parissa ty\u00f6skentelin Helsingin seudun erilaiset oppijat ry:ss\u00e4 reilun kahden vuoden ajan. Ison osan ty\u00f6ajasta vedin syrj\u00e4ytyneiden tai syrj\u00e4ytymisvaarassa olevien nuorten ryhmi\u00e4. Isolla osalla yhteiskunnasta syrj\u00e4ytyneist\u00e4 on oppimisvaikeuksia. Siksi erilaisten tukimuotojen tarpeen ja merkityksen tuntemus on apulaispormestarille merkitt\u00e4v\u00e4 hy\u00f6ty, kun yrit\u00e4mme pit\u00e4\u00e4 kaikki helsinkil\u00e4iset lapset ja nuoret mukana.<\/p>\n\n\n\n<p>Toinen samaa teemaa liippaava asia on kokemukseni turvapaikanhakijoiden parissa. Ty\u00f6skentelin vastaanottokeskuksessa pakolaisohjaajana. N\u00e4in kuinka hankalassa asemassa olevat lapset ja nuoret aloittivat koulutiet\u00e4\u00e4n ja miten t\u00e4rke\u00e4 osa onnistunutta koulutuspolkua ensimm\u00e4iset kuukaudet ovat. Ja erityisesti mitk\u00e4 ne vaikeudet ovat, jotka heid\u00e4n tuli ylitt\u00e4\u00e4 saavuttaakseen muut oppilaat. N\u00e4it\u00e4 vaikeuksia pit\u00e4\u00e4 pysty\u00e4 karsimaan. Sen merkitys Helsingiss\u00e4 korostuu.<\/p>\n\n\n\n<p>Nyky\u00e4\u00e4n ty\u00f6skentelen kuudetta vuotta koulutusasiantuntijana Opiskelijoiden Liikuntaliitossa. Koulutuskokemusta minulla on siis laidasta laitaan. Koen sen edukseni, ett\u00e4 omaan kokemusta alalta ja olen yksi heist\u00e4, jonka asioita olen p\u00e4\u00e4tt\u00e4m\u00e4ss\u00e4.<\/p>\n\n\n\n<p>Se ty\u00f6kokemuksesta. Apulaispormestari johtaa kasvatuksen- ja koulutuksen lautakuntaa, jonka j\u00e4sen olen ollut vuodesta 2021. Siin\u00e4 teht\u00e4v\u00e4ss\u00e4 korostuu yhteisty\u00f6kyvyt ja miten pystyy tulemaan toimeen kaikkien kanssa. Lautakunta on toiminut erinomaisesti nyt kaksi vuotta ja on t\u00e4rke\u00e4\u00e4, ett\u00e4 Nasiman luoma luottamuksen ymp\u00e4rist\u00f6 saa siell\u00e4 jatkoa.<\/p>\n\n\n\n<p>Painotukseni apulaispormestarina olisivat henkil\u00f6st\u00f6ss\u00e4. Henkil\u00f6st\u00f6n jaksamisen varmistaminen ja kaupungin pitovoiman parantaminen ty\u00f6nantajana on mielest\u00e4ni ensisijaisin teht\u00e4v\u00e4. Jokaisen p\u00e4\u00e4t\u00f6ksen kohdalla tulee kysy\u00e4 miten t\u00e4m\u00e4 vaikuttaa opettajien, lastenhoitajien, kuraattoreiden jne. ty\u00f6n kuormittavuuteen? Ilman motivoitunutta ja jaksavaa henkil\u00f6kuntaa, emme p\u00e4\u00e4se kaupungin strategian tavoitteeseen Maailman paras ja yhdenvertaisin paikka oppia.<\/p>\n\n\n\n<p>Seuraavaksi j\u00e4nnitet\u00e4\u00e4n perjantaita ja sen j\u00e4lkeen minut on toivottavasti nimetty ehdokkaaksi.<a href=\"https:\/\/www.markkurantahalvari.fi\/?page_id=14\"> T\u00e4st\u00e4 p\u00e4\u00e4set tutustumaan minuun lis\u00e4\u00e4<\/a>.<br><br><\/p>\n\n\n\n<figure class=\"wp-block-image size-large\"><img decoding=\"async\" loading=\"lazy\" width=\"1024\" height=\"768\" src=\"https:\/\/www.markkurantahalvari.fi\/wp-content\/uploads\/2023\/04\/OI000549-kaksi-1024x768.jpg\" alt=\"\" class=\"wp-image-787\" srcset=\"https:\/\/www.markkurantahalvari.fi\/wp-content\/uploads\/2023\/04\/OI000549-kaksi-980x735.jpg 980w, https:\/\/www.markkurantahalvari.fi\/wp-content\/uploads\/2023\/04\/OI000549-kaksi-480x360.jpg 480w\" sizes=\"(min-width: 0px) and (max-width: 480px) 480px, (min-width: 481px) and (max-width: 980px) 980px, (min-width: 981px) 1024px, 100vw\" \/><\/figure>\n","protected":false},"excerpt":{"rendered":"<p>Helsinginniemen Sosialidemokraatit ry j\u00e4rjest\u00e4\u00e4 ylim\u00e4\u00e4r\u00e4isen j\u00e4senkokouksen tulevana perjantaina. Puolueosaston johtokunta tulee esitt\u00e4m\u00e4\u00e4n kokouksessa minua puolueosaston ehdokkaaksi kasvatuksen ja koulutuksen apulaispormestariksi. Perjantaina tied\u00e4mme sitten lopullisesti mit\u00e4 j\u00e4senkokous p\u00e4\u00e4tti, mutta sit\u00e4 ennen miksi haluan t\u00e4h\u00e4n teht\u00e4v\u00e4\u00e4n? Olin luonnollisesti heti kiinnostunut teht\u00e4v\u00e4st\u00e4, kun kuulin sen vapautumisesta. Kukapa ei olisi? Tulevaisuutemme kannalta merkitt\u00e4vimm\u00e4n toimialan merkitt\u00e4vin poliittinen rooli. Jos haluat [&hellip;]<\/p>\n","protected":false},"author":1,"featured_media":192,"comment_status":"open","ping_status":"open","sticky":false,"template":"","format":"standard","meta":{"_et_pb_use_builder":"","_et_pb_old_content":"","_et_gb_content_width":""},"categories":[3],"tags":[],"yoast_head":"<!-- This site is optimized with the Yoast SEO plugin v15.7 - https:\/\/yoast.com\/wordpress\/plugins\/seo\/ -->\n<title>Miksi ja mill\u00e4 perustein haluan apulaispormestariehdokkaaksi? - Markku Rantahalvari<\/title>\n<meta name=\"description\" content=\"Helsinginniemen Sosialidemokraatit ry j\u00e4rjest\u00e4\u00e4 ylim\u00e4\u00e4r\u00e4isen j\u00e4senkokouksen tulevana perjantaina. Puolueosaston johtokunta tulee esitt\u00e4m\u00e4\u00e4n kokouksessa minua puolueosaston ehdokkaaksi kasvatuksen ja koulutuksen apulaispormestariksi.\" \/>\n<meta name=\"robots\" content=\"index, follow, max-snippet:-1, max-image-preview:large, max-video-preview:-1\" \/>\n<link rel=\"canonical\" href=\"https:\/\/www.markkurantahalvari.fi\/?p=781\" \/>\n<meta property=\"og:locale\" content=\"en_US\" \/>\n<meta property=\"og:type\" content=\"article\" \/>\n<meta property=\"og:title\" content=\"Miksi ja mill\u00e4 perustein haluan apulaispormestariehdokkaaksi? - Markku Rantahalvari\" \/>\n<meta property=\"og:description\" content=\"Helsinginniemen Sosialidemokraatit ry j\u00e4rjest\u00e4\u00e4 ylim\u00e4\u00e4r\u00e4isen j\u00e4senkokouksen tulevana perjantaina. Puolueosaston johtokunta tulee esitt\u00e4m\u00e4\u00e4n kokouksessa minua puolueosaston ehdokkaaksi kasvatuksen ja koulutuksen apulaispormestariksi.\" \/>\n<meta property=\"og:url\" content=\"https:\/\/www.markkurantahalvari.fi\/?p=781\" \/>\n<meta property=\"og:site_name\" content=\"Markku Rantahalvari\" \/>\n<meta property=\"article:published_time\" content=\"2023-04-25T06:37:21+00:00\" \/>\n<meta property=\"article:modified_time\" content=\"2023-04-25T07:35:05+00:00\" \/>\n<meta property=\"og:image\" content=\"https:\/\/www.markkurantahalvari.fi\/wp-content\/uploads\/2021\/01\/19025225_1923454177940260_2439958949295026555_o.jpg\" \/>\n\t<meta property=\"og:image:width\" content=\"1365\" \/>\n\t<meta property=\"og:image:height\" content=\"1365\" \/>\n<meta name=\"twitter:card\" content=\"summary_large_image\" \/>\n<meta name=\"twitter:label1\" content=\"Est. reading time\">\n\t<meta name=\"twitter:data1\" content=\"2 minutes\">\n<script type=\"application\/ld+json\" class=\"yoast-schema-graph\">{\"@context\":\"https:\/\/schema.org\",\"@graph\":[{\"@type\":\"WebSite\",\"@id\":\"https:\/\/www.markkurantahalvari.fi\/#website\",\"url\":\"https:\/\/www.markkurantahalvari.fi\/\",\"name\":\"Markku Rantahalvari\",\"description\":\"Kasvatus- ja koulutuslautakunnan j&auml;sen, varavaltuutettu, Helsinki\",\"publisher\":{\"@id\":\"https:\/\/www.markkurantahalvari.fi\/#\/schema\/person\/f0bd9051156941bb22a8160bb417fbb2\"},\"potentialAction\":[{\"@type\":\"SearchAction\",\"target\":\"https:\/\/www.markkurantahalvari.fi\/?s={search_term_string}\",\"query-input\":\"required name=search_term_string\"}],\"inLanguage\":\"en-US\"},{\"@type\":\"ImageObject\",\"@id\":\"https:\/\/www.markkurantahalvari.fi\/?p=781#primaryimage\",\"inLanguage\":\"en-US\",\"url\":\"https:\/\/www.markkurantahalvari.fi\/wp-content\/uploads\/2021\/01\/19025225_1923454177940260_2439958949295026555_o.jpg\",\"width\":1365,\"height\":1365},{\"@type\":\"WebPage\",\"@id\":\"https:\/\/www.markkurantahalvari.fi\/?p=781#webpage\",\"url\":\"https:\/\/www.markkurantahalvari.fi\/?p=781\",\"name\":\"Miksi ja mill\\u00e4 perustein haluan apulaispormestariehdokkaaksi? - Markku Rantahalvari\",\"isPartOf\":{\"@id\":\"https:\/\/www.markkurantahalvari.fi\/#website\"},\"primaryImageOfPage\":{\"@id\":\"https:\/\/www.markkurantahalvari.fi\/?p=781#primaryimage\"},\"datePublished\":\"2023-04-25T06:37:21+00:00\",\"dateModified\":\"2023-04-25T07:35:05+00:00\",\"description\":\"Helsinginniemen Sosialidemokraatit ry j\\u00e4rjest\\u00e4\\u00e4 ylim\\u00e4\\u00e4r\\u00e4isen j\\u00e4senkokouksen tulevana perjantaina. Puolueosaston johtokunta tulee esitt\\u00e4m\\u00e4\\u00e4n kokouksessa minua puolueosaston ehdokkaaksi kasvatuksen ja koulutuksen apulaispormestariksi.\",\"inLanguage\":\"en-US\",\"potentialAction\":[{\"@type\":\"ReadAction\",\"target\":[\"https:\/\/www.markkurantahalvari.fi\/?p=781\"]}]},{\"@type\":\"Article\",\"@id\":\"https:\/\/www.markkurantahalvari.fi\/?p=781#article\",\"isPartOf\":{\"@id\":\"https:\/\/www.markkurantahalvari.fi\/?p=781#webpage\"},\"author\":{\"@id\":\"https:\/\/www.markkurantahalvari.fi\/#\/schema\/person\/f0bd9051156941bb22a8160bb417fbb2\"},\"headline\":\"Miksi ja mill\\u00e4 perustein haluan apulaispormestariehdokkaaksi?\",\"datePublished\":\"2023-04-25T06:37:21+00:00\",\"dateModified\":\"2023-04-25T07:35:05+00:00\",\"mainEntityOfPage\":{\"@id\":\"https:\/\/www.markkurantahalvari.fi\/?p=781#webpage\"},\"commentCount\":0,\"publisher\":{\"@id\":\"https:\/\/www.markkurantahalvari.fi\/#\/schema\/person\/f0bd9051156941bb22a8160bb417fbb2\"},\"image\":{\"@id\":\"https:\/\/www.markkurantahalvari.fi\/?p=781#primaryimage\"},\"articleSection\":\"Kirjoitukset\",\"inLanguage\":\"en-US\",\"potentialAction\":[{\"@type\":\"CommentAction\",\"name\":\"Comment\",\"target\":[\"https:\/\/www.markkurantahalvari.fi\/?p=781#respond\"]}]},{\"@type\":[\"Person\",\"Organization\"],\"@id\":\"https:\/\/www.markkurantahalvari.fi\/#\/schema\/person\/f0bd9051156941bb22a8160bb417fbb2\",\"name\":\"MarkkuRan\",\"image\":{\"@type\":\"ImageObject\",\"@id\":\"https:\/\/www.markkurantahalvari.fi\/#personlogo\",\"inLanguage\":\"en-US\",\"url\":\"https:\/\/secure.gravatar.com\/avatar\/bd2d4048a8d15cb119733976c5878a9c?s=96&d=mm&r=g\",\"caption\":\"MarkkuRan\"},\"logo\":{\"@id\":\"https:\/\/www.markkurantahalvari.fi\/#personlogo\"},\"sameAs\":[\"https:\/\/www.markkurantahalvari.fi\"]}]}<\/script>\n<!-- \/ Yoast SEO plugin. -->","_links":{"self":[{"href":"https:\/\/www.markkurantahalvari.fi\/index.php?rest_route=\/wp\/v2\/posts\/781"}],"collection":[{"href":"https:\/\/www.markkurantahalvari.fi\/index.php?rest_route=\/wp\/v2\/posts"}],"about":[{"href":"https:\/\/www.markkurantahalvari.fi\/index.php?rest_route=\/wp\/v2\/types\/post"}],"author":[{"embeddable":true,"href":"https:\/\/www.markkurantahalvari.fi\/index.php?rest_route=\/wp\/v2\/users\/1"}],"replies":[{"embeddable":true,"href":"https:\/\/www.markkurantahalvari.fi\/index.php?rest_route=%2Fwp%2Fv2%2Fcomments&post=781"}],"version-history":[{"count":3,"href":"https:\/\/www.markkurantahalvari.fi\/index.php?rest_route=\/wp\/v2\/posts\/781\/revisions"}],"predecessor-version":[{"id":789,"href":"https:\/\/www.markkurantahalvari.fi\/index.php?rest_route=\/wp\/v2\/posts\/781\/revisions\/789"}],"wp:featuredmedia":[{"embeddable":true,"href":"https:\/\/www.markkurantahalvari.fi\/index.php?rest_route=\/wp\/v2\/media\/192"}],"wp:attachment":[{"href":"https:\/\/www.markkurantahalvari.fi\/index.php?rest_route=%2Fwp%2Fv2%2Fmedia&parent=781"}],"wp:term":[{"taxonomy":"category","embeddable":true,"href":"https:\/\/www.markkurantahalvari.fi\/index.php?rest_route=%2Fwp%2Fv2%2Fcategories&post=781"},{"taxonomy":"post_tag","embeddable":true,"href":"https:\/\/www.markkurantahalvari.fi\/index.php?rest_route=%2Fwp%2Fv2%2Ftags&post=781"}],"curies":[{"name":"wp","href":"https:\/\/api.w.org\/{rel}","templated":true}]}}